{"id":492,"date":"2023-04-14T19:55:03","date_gmt":"2023-04-14T17:55:03","guid":{"rendered":"https:\/\/www.influencerglory.com\/actualite\/?p=492"},"modified":"2024-01-07T15:38:24","modified_gmt":"2024-01-07T14:38:24","slug":"amal-sakr-critique-le-programme-de-camera-cachee-de-morad-el-achabi-diffuse-pendant-ramadan","status":"publish","type":"post","link":"https:\/\/influencerglory.com\/actualite\/2023\/04\/14\/amal-sakr-critique-le-programme-de-camera-cachee-de-morad-el-achabi-diffuse-pendant-ramadan\/","title":{"rendered":"Amal Sakr critique le programme de cam\u00e9ra cach\u00e9e de Morad El-Achabi diffus\u00e9 pendant Ramadan"},"content":{"rendered":"<blockquote class=\"tiktok-embed\" cite=\"https:\/\/www.tiktok.com\/@essaqramal\/video\/7219319569649782021\" data-video-id=\"7219319569649782021\" style=\"max-width: 605px;min-width: 325px;\">\n<section> <a target=\"_blank\" title=\"@essaqramal\" href=\"https:\/\/www.tiktok.com\/@essaqramal?refer=embed\" rel=\"noopener\">@essaqramal<\/a> <p><\/p>\n<p> <a target=\"_blank\" title=\"\u266c son original - \u0627\u0645\u0627\u0644 \u0635\u0642\u0631\ud83d\udc51\ud83e\udd85\" href=\"https:\/\/www.tiktok.com\/music\/son-original-7219319571181030149?refer=embed\" rel=\"noopener\">\u266c son original &#8211; \u0627\u0645\u0627\u0644 \u0635\u0642\u0631\ud83d\udc51\ud83e\udd85<\/a> <\/p><\/section>\n<\/blockquote>\n<p> <script async=\"\" src=\"https:\/\/www.tiktok.com\/embed.js\"><\/script><\/p>\n\n\n<p>Amal Essaqr, une personnalit\u00e9 et artiste marocaine, a exprim\u00e9 son m\u00e9contentement \u00e0  propos du programme de cam\u00e9ra cach\u00e9e de Morad El-Achabi diffus\u00e9 sur MBC 5  pendant le mois sacr\u00e9 de Ramadan. Dans une vid\u00e9o TikTok, elle a  critiqu\u00e9 le concept d&rsquo;inviter des artistes pour ensuite les humilier  devant le public, qualifiant le programme \u00ab\u00a0Fasel Wa nouwasel\u00a0\u00bb de  \u00ab\u00a0bizarre\u00a0\u00bb. Bien qu&rsquo;elle n&rsquo;ait pas mentionn\u00e9 le nom du programme ou de  son propri\u00e9taire, il \u00e9tait clair qu&rsquo;elle faisait r\u00e9f\u00e9rence \u00e0 la cam\u00e9ra  cach\u00e9e de Morad El-Achabi. De nombreux internautes ont \u00e9galement exprim\u00e9  leur d\u00e9sapprobation sur les r\u00e9seaux sociaux, en soulignant le manque de  qualit\u00e9 et l&rsquo;aspect faux de ces programmes destin\u00e9s aux Marocains. Les  t\u00e9l\u00e9spectateurs marocains m\u00e9ritent mieux que cela, surtout pendant le  mois sacr\u00e9 de Ramadan.<\/p>\n\n\n\n<p><\/p>\n\n\n\n<p><\/p>\n","protected":false},"excerpt":{"rendered":"<p>@essaqramal \u266c son original &#8211; \u0627\u0645\u0627\u0644 \u0635\u0642\u0631\ud83d\udc51\ud83e\udd85 Amal Essaqr, une personnalit\u00e9 et artiste marocaine, a exprim\u00e9 son m\u00e9contentement \u00e0 propos du programme de cam\u00e9ra cach\u00e9e de Morad El-Achabi diffus\u00e9 sur MBC 5 pendant le&#46;&#46;&#46;<\/p>\n","protected":false},"author":1,"featured_media":493,"comment_status":"open","ping_status":"closed","sticky":false,"template":"","format":"standard","meta":{"footnotes":""},"categories":[102,51],"tags":[269,267,266,228],"yoast_head":"<!-- This site is optimized with the Yoast SEO plugin v23.5 - https:\/\/yoast.com\/wordpress\/plugins\/seo\/ -->\n<title>Amal Sakr critique le programme de cam\u00e9ra cach\u00e9e de Morad El-Achabi diffus\u00e9 pendant Ramadan - Influencer Glory<\/title>\n<meta name=\"robots\" content=\"index, follow, max-snippet:-1, max-image-preview:large, max-video-preview:-1\" \/>\n<link rel=\"canonical\" href=\"https:\/\/influencerglory.com\/actualite\/2023\/04\/14\/amal-sakr-critique-le-programme-de-camera-cachee-de-morad-el-achabi-diffuse-pendant-ramadan\/\" \/>\n<meta property=\"og:locale\" content=\"fr_FR\" \/>\n<meta property=\"og:type\" content=\"article\" \/>\n<meta property=\"og:title\" content=\"Amal Sakr critique le programme de cam\u00e9ra cach\u00e9e de Morad El-Achabi diffus\u00e9 pendant Ramadan - Influencer Glory\" \/>\n<meta property=\"og:description\" content=\"@essaqramal \u266c son original &#8211; \u0627\u0645\u0627\u0644 \u0635\u0642\u0631\ud83d\udc51\ud83e\udd85 Amal Essaqr, une personnalit\u00e9 et artiste marocaine, a exprim\u00e9 son m\u00e9contentement \u00e0 propos du programme de cam\u00e9ra cach\u00e9e de Morad El-Achabi diffus\u00e9 sur MBC 5 pendant le&#046;&#046;&#046;\" \/>\n<meta property=\"og:url\" content=\"https:\/\/influencerglory.com\/actualite\/2023\/04\/14\/amal-sakr-critique-le-programme-de-camera-cachee-de-morad-el-achabi-diffuse-pendant-ramadan\/\" \/>\n<meta property=\"og:site_name\" content=\"Influencer Glory\" \/>\n<meta property=\"article:publisher\" content=\"https:\/\/www.facebook.com\/influencerglory\" \/>\n<meta property=\"article:published_time\" content=\"2023-04-14T17:55:03+00:00\" \/>\n<meta property=\"article:modified_time\" content=\"2024-01-07T14:38:24+00:00\" \/>\n<meta property=\"og:image\" content=\"https:\/\/influencerglory.com\/actualite\/wp-content\/uploads\/2023\/04\/Capture-decran-2023-04-12-a-13.31.31-1024x633-1.jpg\" \/>\n\t<meta property=\"og:image:width\" content=\"1024\" \/>\n\t<meta property=\"og:image:height\" content=\"633\" \/>\n\t<meta property=\"og:image:type\" content=\"image\/jpeg\" \/>\n<meta name=\"author\" content=\"Admin\" \/>\n<meta name=\"twitter:card\" content=\"summary_large_image\" \/>\n<meta name=\"twitter:creator\" content=\"@influencerglory\" \/>\n<meta name=\"twitter:site\" content=\"@influencerglory\" \/>\n<meta name=\"twitter:label1\" content=\"\u00c9crit par\" \/>\n\t<meta name=\"twitter:data1\" content=\"Admin\" \/>\n\t<meta name=\"twitter:label2\" content=\"Dur\u00e9e de lecture estim\u00e9e\" \/>\n\t<meta name=\"twitter:data2\" content=\"1 minute\" \/>\n<script type=\"application\/ld+json\" class=\"yoast-schema-graph\">{\"@context\":\"https:\/\/schema.org\",\"@graph\":[{\"@type\":\"WebPage\",\"@id\":\"https:\/\/influencerglory.com\/actualite\/2023\/04\/14\/amal-sakr-critique-le-programme-de-camera-cachee-de-morad-el-achabi-diffuse-pendant-ramadan\/\",\"url\":\"https:\/\/influencerglory.com\/actualite\/2023\/04\/14\/amal-sakr-critique-le-programme-de-camera-cachee-de-morad-el-achabi-diffuse-pendant-ramadan\/\",\"name\":\"Amal Sakr critique le programme de cam\u00e9ra cach\u00e9e de Morad El-Achabi diffus\u00e9 pendant Ramadan - Influencer Glory\",\"isPartOf\":{\"@id\":\"https:\/\/influencerglory.com\/actualite\/#website\"},\"primaryImageOfPage\":{\"@id\":\"https:\/\/influencerglory.com\/actualite\/2023\/04\/14\/amal-sakr-critique-le-programme-de-camera-cachee-de-morad-el-achabi-diffuse-pendant-ramadan\/#primaryimage\"},\"image\":{\"@id\":\"https:\/\/influencerglory.com\/actualite\/2023\/04\/14\/amal-sakr-critique-le-programme-de-camera-cachee-de-morad-el-achabi-diffuse-pendant-ramadan\/#primaryimage\"},\"thumbnailUrl\":\"https:\/\/influencerglory.com\/actualite\/wp-content\/uploads\/2023\/04\/Capture-decran-2023-04-12-a-13.31.31-1024x633-1.jpg\",\"datePublished\":\"2023-04-14T17:55:03+00:00\",\"dateModified\":\"2024-01-07T14:38:24+00:00\",\"author\":{\"@id\":\"https:\/\/influencerglory.com\/actualite\/#\/schema\/person\/a8ecd84f454e5c6d39b3fc09961291e5\"},\"breadcrumb\":{\"@id\":\"https:\/\/influencerglory.com\/actualite\/2023\/04\/14\/amal-sakr-critique-le-programme-de-camera-cachee-de-morad-el-achabi-diffuse-pendant-ramadan\/#breadcrumb\"},\"inLanguage\":\"fr-FR\",\"potentialAction\":[{\"@type\":\"ReadAction\",\"target\":[\"https:\/\/influencerglory.com\/actualite\/2023\/04\/14\/amal-sakr-critique-le-programme-de-camera-cachee-de-morad-el-achabi-diffuse-pendant-ramadan\/\"]}]},{\"@type\":\"ImageObject\",\"inLanguage\":\"fr-FR\",\"@id\":\"https:\/\/influencerglory.com\/actualite\/2023\/04\/14\/amal-sakr-critique-le-programme-de-camera-cachee-de-morad-el-achabi-diffuse-pendant-ramadan\/#primaryimage\",\"url\":\"https:\/\/influencerglory.com\/actualite\/wp-content\/uploads\/2023\/04\/Capture-decran-2023-04-12-a-13.31.31-1024x633-1.jpg\",\"contentUrl\":\"https:\/\/influencerglory.com\/actualite\/wp-content\/uploads\/2023\/04\/Capture-decran-2023-04-12-a-13.31.31-1024x633-1.jpg\",\"width\":1024,\"height\":633,\"caption\":\"Amal Essaqr critique s\u00e9v\u00e8rement le programme de cam\u00e9ra cach\u00e9e de Morad El-Achabi\"},{\"@type\":\"BreadcrumbList\",\"@id\":\"https:\/\/influencerglory.com\/actualite\/2023\/04\/14\/amal-sakr-critique-le-programme-de-camera-cachee-de-morad-el-achabi-diffuse-pendant-ramadan\/#breadcrumb\",\"itemListElement\":[{\"@type\":\"ListItem\",\"position\":1,\"name\":\"Accueil\",\"item\":\"https:\/\/influencerglory.com\/actualite\/\"},{\"@type\":\"ListItem\",\"position\":2,\"name\":\"Amal Sakr critique le programme de cam\u00e9ra cach\u00e9e de Morad El-Achabi diffus\u00e9 pendant Ramadan\"}]},{\"@type\":\"WebSite\",\"@id\":\"https:\/\/influencerglory.com\/actualite\/#website\",\"url\":\"https:\/\/influencerglory.com\/actualite\/\",\"name\":\"Influencer Glory\",\"description\":\"Actualit\u00e9 des influenceurs marocains\",\"potentialAction\":[{\"@type\":\"SearchAction\",\"target\":{\"@type\":\"EntryPoint\",\"urlTemplate\":\"https:\/\/influencerglory.com\/actualite\/?s={search_term_string}\"},\"query-input\":{\"@type\":\"PropertyValueSpecification\",\"valueRequired\":true,\"valueName\":\"search_term_string\"}}],\"inLanguage\":\"fr-FR\"},{\"@type\":\"Person\",\"@id\":\"https:\/\/influencerglory.com\/actualite\/#\/schema\/person\/a8ecd84f454e5c6d39b3fc09961291e5\",\"name\":\"Admin\",\"image\":{\"@type\":\"ImageObject\",\"inLanguage\":\"fr-FR\",\"@id\":\"https:\/\/influencerglory.com\/actualite\/#\/schema\/person\/image\/\",\"url\":\"https:\/\/secure.gravatar.com\/avatar\/4e4b140d12f31168099e680a99aab63a?s=96&d=mm&r=g\",\"contentUrl\":\"https:\/\/secure.gravatar.com\/avatar\/4e4b140d12f31168099e680a99aab63a?s=96&d=mm&r=g\",\"caption\":\"Admin\"},\"sameAs\":[\"https:\/\/www.influencerglory.com\/actualite\"],\"url\":\"https:\/\/influencerglory.com\/actualite\/author\/admin\/\"}]}<\/script>\n<!-- \/ Yoast SEO plugin. -->","yoast_head_json":{"title":"Amal Sakr critique le programme de cam\u00e9ra cach\u00e9e de Morad El-Achabi diffus\u00e9 pendant Ramadan - Influencer Glory","robots":{"index":"index","follow":"follow","max-snippet":"max-snippet:-1","max-image-preview":"max-image-preview:large","max-video-preview":"max-video-preview:-1"},"canonical":"https:\/\/influencerglory.com\/actualite\/2023\/04\/14\/amal-sakr-critique-le-programme-de-camera-cachee-de-morad-el-achabi-diffuse-pendant-ramadan\/","og_locale":"fr_FR","og_type":"article","og_title":"Amal Sakr critique le programme de cam\u00e9ra cach\u00e9e de Morad El-Achabi diffus\u00e9 pendant Ramadan - Influencer Glory","og_description":"@essaqramal \u266c son original &#8211; \u0627\u0645\u0627\u0644 \u0635\u0642\u0631\ud83d\udc51\ud83e\udd85 Amal Essaqr, une personnalit\u00e9 et artiste marocaine, a exprim\u00e9 son m\u00e9contentement \u00e0 propos du programme de cam\u00e9ra cach\u00e9e de Morad El-Achabi diffus\u00e9 sur MBC 5 pendant le&#46;&#46;&#46;","og_url":"https:\/\/influencerglory.com\/actualite\/2023\/04\/14\/amal-sakr-critique-le-programme-de-camera-cachee-de-morad-el-achabi-diffuse-pendant-ramadan\/","og_site_name":"Influencer Glory","article_publisher":"https:\/\/www.facebook.com\/influencerglory","article_published_time":"2023-04-14T17:55:03+00:00","article_modified_time":"2024-01-07T14:38:24+00:00","og_image":[{"width":1024,"height":633,"url":"https:\/\/influencerglory.com\/actualite\/wp-content\/uploads\/2023\/04\/Capture-decran-2023-04-12-a-13.31.31-1024x633-1.jpg","type":"image\/jpeg"}],"author":"Admin","twitter_card":"summary_large_image","twitter_creator":"@influencerglory","twitter_site":"@influencerglory","twitter_misc":{"\u00c9crit par":"Admin","Dur\u00e9e de lecture estim\u00e9e":"1 minute"},"schema":{"@context":"https:\/\/schema.org","@graph":[{"@type":"WebPage","@id":"https:\/\/influencerglory.com\/actualite\/2023\/04\/14\/amal-sakr-critique-le-programme-de-camera-cachee-de-morad-el-achabi-diffuse-pendant-ramadan\/","url":"https:\/\/influencerglory.com\/actualite\/2023\/04\/14\/amal-sakr-critique-le-programme-de-camera-cachee-de-morad-el-achabi-diffuse-pendant-ramadan\/","name":"Amal Sakr critique le programme de cam\u00e9ra cach\u00e9e de Morad El-Achabi diffus\u00e9 pendant Ramadan - Influencer Glory","isPartOf":{"@id":"https:\/\/influencerglory.com\/actualite\/#website"},"primaryImageOfPage":{"@id":"https:\/\/influencerglory.com\/actualite\/2023\/04\/14\/amal-sakr-critique-le-programme-de-camera-cachee-de-morad-el-achabi-diffuse-pendant-ramadan\/#primaryimage"},"image":{"@id":"https:\/\/influencerglory.com\/actualite\/2023\/04\/14\/amal-sakr-critique-le-programme-de-camera-cachee-de-morad-el-achabi-diffuse-pendant-ramadan\/#primaryimage"},"thumbnailUrl":"https:\/\/influencerglory.com\/actualite\/wp-content\/uploads\/2023\/04\/Capture-decran-2023-04-12-a-13.31.31-1024x633-1.jpg","datePublished":"2023-04-14T17:55:03+00:00","dateModified":"2024-01-07T14:38:24+00:00","author":{"@id":"https:\/\/influencerglory.com\/actualite\/#\/schema\/person\/a8ecd84f454e5c6d39b3fc09961291e5"},"breadcrumb":{"@id":"https:\/\/influencerglory.com\/actualite\/2023\/04\/14\/amal-sakr-critique-le-programme-de-camera-cachee-de-morad-el-achabi-diffuse-pendant-ramadan\/#breadcrumb"},"inLanguage":"fr-FR","potentialAction":[{"@type":"ReadAction","target":["https:\/\/influencerglory.com\/actualite\/2023\/04\/14\/amal-sakr-critique-le-programme-de-camera-cachee-de-morad-el-achabi-diffuse-pendant-ramadan\/"]}]},{"@type":"ImageObject","inLanguage":"fr-FR","@id":"https:\/\/influencerglory.com\/actualite\/2023\/04\/14\/amal-sakr-critique-le-programme-de-camera-cachee-de-morad-el-achabi-diffuse-pendant-ramadan\/#primaryimage","url":"https:\/\/influencerglory.com\/actualite\/wp-content\/uploads\/2023\/04\/Capture-decran-2023-04-12-a-13.31.31-1024x633-1.jpg","contentUrl":"https:\/\/influencerglory.com\/actualite\/wp-content\/uploads\/2023\/04\/Capture-decran-2023-04-12-a-13.31.31-1024x633-1.jpg","width":1024,"height":633,"caption":"Amal Essaqr critique s\u00e9v\u00e8rement le programme de cam\u00e9ra cach\u00e9e de Morad El-Achabi"},{"@type":"BreadcrumbList","@id":"https:\/\/influencerglory.com\/actualite\/2023\/04\/14\/amal-sakr-critique-le-programme-de-camera-cachee-de-morad-el-achabi-diffuse-pendant-ramadan\/#breadcrumb","itemListElement":[{"@type":"ListItem","position":1,"name":"Accueil","item":"https:\/\/influencerglory.com\/actualite\/"},{"@type":"ListItem","position":2,"name":"Amal Sakr critique le programme de cam\u00e9ra cach\u00e9e de Morad El-Achabi diffus\u00e9 pendant Ramadan"}]},{"@type":"WebSite","@id":"https:\/\/influencerglory.com\/actualite\/#website","url":"https:\/\/influencerglory.com\/actualite\/","name":"Influencer Glory","description":"Actualit\u00e9 des influenceurs marocains","potentialAction":[{"@type":"SearchAction","target":{"@type":"EntryPoint","urlTemplate":"https:\/\/influencerglory.com\/actualite\/?s={search_term_string}"},"query-input":{"@type":"PropertyValueSpecification","valueRequired":true,"valueName":"search_term_string"}}],"inLanguage":"fr-FR"},{"@type":"Person","@id":"https:\/\/influencerglory.com\/actualite\/#\/schema\/person\/a8ecd84f454e5c6d39b3fc09961291e5","name":"Admin","image":{"@type":"ImageObject","inLanguage":"fr-FR","@id":"https:\/\/influencerglory.com\/actualite\/#\/schema\/person\/image\/","url":"https:\/\/secure.gravatar.com\/avatar\/4e4b140d12f31168099e680a99aab63a?s=96&d=mm&r=g","contentUrl":"https:\/\/secure.gravatar.com\/avatar\/4e4b140d12f31168099e680a99aab63a?s=96&d=mm&r=g","caption":"Admin"},"sameAs":["https:\/\/www.influencerglory.com\/actualite"],"url":"https:\/\/influencerglory.com\/actualite\/author\/admin\/"}]}},"_links":{"self":[{"href":"https:\/\/influencerglory.com\/actualite\/wp-json\/wp\/v2\/posts\/492"}],"collection":[{"href":"https:\/\/influencerglory.com\/actualite\/wp-json\/wp\/v2\/posts"}],"about":[{"href":"https:\/\/influencerglory.com\/actualite\/wp-json\/wp\/v2\/types\/post"}],"author":[{"embeddable":true,"href":"https:\/\/influencerglory.com\/actualite\/wp-json\/wp\/v2\/users\/1"}],"replies":[{"embeddable":true,"href":"https:\/\/influencerglory.com\/actualite\/wp-json\/wp\/v2\/comments?post=492"}],"version-history":[{"count":2,"href":"https:\/\/influencerglory.com\/actualite\/wp-json\/wp\/v2\/posts\/492\/revisions"}],"predecessor-version":[{"id":495,"href":"https:\/\/influencerglory.com\/actualite\/wp-json\/wp\/v2\/posts\/492\/revisions\/495"}],"wp:featuredmedia":[{"embeddable":true,"href":"https:\/\/influencerglory.com\/actualite\/wp-json\/wp\/v2\/media\/493"}],"wp:attachment":[{"href":"https:\/\/influencerglory.com\/actualite\/wp-json\/wp\/v2\/media?parent=492"}],"wp:term":[{"taxonomy":"category","embeddable":true,"href":"https:\/\/influencerglory.com\/actualite\/wp-json\/wp\/v2\/categories?post=492"},{"taxonomy":"post_tag","embeddable":true,"href":"https:\/\/influencerglory.com\/actualite\/wp-json\/wp\/v2\/tags?post=492"}],"curies":[{"name":"wp","href":"https:\/\/api.w.org\/{rel}","templated":true}]}}